{"id":789,"date":"2022-10-11T22:07:38","date_gmt":"2022-10-11T20:07:38","guid":{"rendered":"https:\/\/blog.predictanalyse.com\/?p=789"},"modified":"2023-02-09T14:00:37","modified_gmt":"2023-02-09T13:00:37","slug":"limportance-de-notre-sante-mentale-sur-nos-douleurs","status":"publish","type":"post","link":"https:\/\/blog.predictanalyse.com\/index.php\/2022\/10\/11\/limportance-de-notre-sante-mentale-sur-nos-douleurs\/","title":{"rendered":"L&rsquo;importance de notre sant\u00e9 mentale sur nos douleurs"},"content":{"rendered":"\n<h4 class=\"wp-block-heading\">Introduction<\/h4>\n\n\n\n<p>Depuis quelques temps, dans un contexte particulier o\u00f9 nous sommes de plus en plus conscients de l&rsquo;importance de notre sant\u00e9 mentale, nous remarquons qu&rsquo;elle influence grandement notre sant\u00e9 physique. En effet, nous remarquons qu&rsquo;elle joue <strong>un r\u00f4le pr\u00e9pond\u00e9rant dans la manifestation de nos douleurs<\/strong>. Comme nous commen\u00e7ons \u00e0 comprendre quels sont les m\u00e9canismes qui entrent en jeu et quels traitements sont les plus efficaces dans ces cas-l\u00e0, d\u2019autres questions se posent alors : comment notre cerveau produit la douleur ? Quels sont les facteurs qui favorisent <a href=\"https:\/\/blog.predictanalyse.com\/index.php\/2021\/08\/07\/prevention-et-douleur-chronique\/\">l&rsquo;installation durable de ces douleurs ?<\/a> Lorsqu&rsquo;une personne pr\u00e9sente des douleurs, dans quels cas la composante psychologique doit devenir une priorit\u00e9 de traitement ? Comment rep\u00e9rer ces \u00e9v\u00e9nements ? Et pouvons-nous les pr\u00e9venir ? C&rsquo;est \u00e0 ces questions que nous allons tenter de r\u00e9pondre.<\/p>\n\n\n\n<h4 class=\"wp-block-heading\">La nociception<\/h4>\n\n\n\n<p>La nociception est une des composantes de la douleur : c&rsquo;est la plus \u00e9vidente et celle dont la compr\u00e9hension est la plus facilement accessible \u00e0 tous. <\/p>\n\n\n\n<p>Sur Wikip\u00e9dia, nous trouvons cette d\u00e9finition : la nociception est \u00ab\u00a0une fonction permettant l&rsquo;int\u00e9gration, au niveau du syst\u00e8me nerveux central, d&rsquo;un&nbsp;stimulus&nbsp;potentiellement nocif via l&rsquo;activation des&nbsp;nocicepteurs&nbsp;cutan\u00e9s, visc\u00e9raux, musculaires et articulaires\u00a0\u00bb. En termes simples, les nerfs qui conduisent l&rsquo;influx \u00e9lectrique jusqu&rsquo;au cerveau lors d&rsquo;une situation potentiellement dangereuse forment un ensemble de signaux : c&rsquo;est la nociception. Cet influx mesurable parvient jusqu&rsquo;au cerveau qui \u00ab\u00a0\u00e9value\u00a0\u00bb si la totalit\u00e9 de ces aff\u00e9rences sont un signal d&rsquo;alarme pour l&rsquo;int\u00e9grit\u00e9 corporelle. Si tel est le cas, le cerveau peut \u00ab\u00a0exprimer\u00a0\u00bb de la douleur. <strong>Mais il serait trop simple de r\u00e9sumer la douleur \u00e0 la nociception<\/strong>. <\/p>\n\n\n\n<p>En paraphrasant Baliki et Apkarian, il faut ensuite imaginer l&rsquo;existence d&rsquo;un <strong>ph\u00e9nom\u00e8ne de seuil <\/strong>qui transforme ou non la nociception en douleur consciente. Mais la difficult\u00e9 est que ce seuil est diff\u00e9rent pour tous. En effet, tout le monde ne r\u00e9agit pas de la m\u00eame mani\u00e8re \u00e0 un m\u00eame stimulus. Par exemple une piq\u00fbre est indolore pour certains, horrible pour d&rsquo;autres. Mais alors, qu&rsquo;est-ce qui peut faire varier ce seuil ? Qu&rsquo;est-ce qui peut finalement augmenter ou diminuer notre tol\u00e9rance \u00e0 la douleur ?<\/p>\n\n\n\n<p>La recherche a fait du chemin ces derni\u00e8res ann\u00e9es et nous connaissons aujourd&rsquo;hui de nombreux facteurs psycho-sociaux qui influencent et affectent notre ressenti de la douleur. Voici quelques liens scientifiquement \u00e9tablis.<\/p>\n\n\n\n<h4 class=\"wp-block-heading\">Associations physique\/psychologie<\/h4>\n\n\n\n<p>S&rsquo;il est impossible d&rsquo;\u00e9tablir un lien direct entre affections mentale et physique, nous pouvons identifier de nombreux cas ou ces maladies se manifestent de fa\u00e7on concomitante. Diff\u00e9rentes \u00e9tudes montrent une corr\u00e9lation entre un probl\u00e8me mental et un trouble musculo-squelettique (par exemple), et d&rsquo;autant plus dans les cas de multimorbidit\u00e9. <\/p>\n\n\n\n<p>La multimorbidit\u00e9 se caract\u00e9rise par l&rsquo;affection de plusieurs troubles chroniques physiques (arthrite, hypertension, diab\u00e8te&#8230;) et\/ou mentaux. Au sein de cette population, <strong>des sympt\u00f4mes s\u00e9v\u00e8res de d\u00e9pression sont retrouv\u00e9s chez 1 adulte sur 2 pr\u00e9sentant une multimorbidit\u00e9<\/strong>. Ces r\u00e9sultats sugg\u00e8rent deux ph\u00e9nom\u00e8nes : <\/p>\n\n\n\n<ul class=\"wp-block-list\">\n<li>Soit que des maladies douloureuses chroniques qui s&rsquo;accumulent augmentent nettement le risque de d\u00e9pression (ce qui est assez facilement compr\u00e9hensible).<\/li>\n\n\n\n<li>Soit que la d\u00e9pression facilite l&rsquo;\u00e9mergence de troubles physiques douloureux. <\/li>\n\n\n\n<li>Soit les deux et c&rsquo;est un serpent qui se mord la queue ! <\/li>\n<\/ul>\n\n\n\n<p>De plus, les personnes avec un profil d\u00e9pressif rapportent un plus grand handicap que celles qui ont une seule affection. Les sympt\u00f4mes de d\u00e9pression semblent \u00eatre nettement plus handicapants qu&rsquo;une condition somatique additionnelle. <strong>La pr\u00e9sence d&rsquo;un syndrome d\u00e9pressif rend les autres affections moins supportables<\/strong>. Comment cela se fait-il ? Eh bien la d\u00e9pression jouerait un r\u00f4le un l&rsquo;abaissement du seuil de tol\u00e9rance que nous pouvons supporter, et ce quelle que soit la douleur, ce qui rend le corps plus sensible \u00e0 des agressions.<\/p>\n\n\n\n<h4 class=\"wp-block-heading\">Les Risques Psycho-Sociaux (RPS) au travail<\/h4>\n\n\n\n<p>Mais ces liens ne s&rsquo;arr\u00eatent pas \u00e0 la sph\u00e8re personnelle. Le travail a \u00e9galement un effet important : par exemple,<strong> les conditions de travail d\u00e9favorables d&rsquo;un point de vue psycho-social sont un bon pr\u00e9dicteur de survenue de TMS<\/strong>. D&rsquo;un c\u00f4t\u00e9, on sait que peu de support social et peu de latitude d\u00e9cisionnelle (2 facteurs de RPS) sont tant de facteurs de risque pour des douleurs du cou ou du membre sup\u00e9rieur. Ceci est confirm\u00e9 par diff\u00e9rentes \u00e9tudes qui montrent qu&rsquo;un \u00e9tat de d\u00e9tresse psychologique semble \u00eatre \u00e9galement un pr\u00e9dicteur de TMS. D&rsquo;un autre c\u00f4t\u00e9, le support manag\u00e9rial ou social ainsi que le poids d\u00e9cisionnel des individus constituent une mesure importante par rapport au risque d&rsquo;arr\u00eat de travail longue dur\u00e9e. <strong>Finalement, quelle que soit les exigences physiques du m\u00e9tier, le support des \u00e9quipes est un facteur indispensable pour la pr\u00e9vention des arr\u00eats.<\/strong> <\/p>\n\n\n\n<p>Notons qu&rsquo;un param\u00e8tre psychologique ne touche pas plus une zone corporelle qu&rsquo;une autre. L&rsquo;id\u00e9e classique serait que les douleurs de stress viennent s&rsquo;installer dans le dos ou les \u00e9paules mais c&rsquo;est tout le corps qui est rendu susceptible \u00e0 une douleur accrue dans ces cas-l\u00e0. <\/p>\n\n\n\n<h4 class=\"wp-block-heading\">Corr\u00e9lations dans les 2 sens<\/h4>\n\n\n\n<p>Si de nombreux <a href=\"https:\/\/blog.predictanalyse.com\/index.php\/2021\/09\/23\/stress-et-risques-psycho-sociaux-dur-constat\/\">facteurs psychologiques<\/a> sont associ\u00e9s \u00e0 des affections physiques, nous sommes actuellement incapables d&rsquo;affirmer qui est l&rsquo;\u0153uf ou qui est la poule. Nous pouvons simplement constater qu&rsquo;un sympt\u00f4me est un facteur de risque pour le suivant. Ceci est vrai que le premier soit physique et le second mentale, ou inversement. <strong>Ce qui est s\u00fbr c&rsquo;est que l&rsquo;un va rarement sans l&rsquo;autre.<\/strong><\/p>\n\n\n\n<p>Le domaine est encore en pleine recherche mais il semble que toutes les douleurs ne soient pas \u00e9gales. Vraisemblablement, <strong>l&rsquo;aspect psychologique prend davantage d&rsquo;ampleur dans les cas chroniques<\/strong>. Une douleur aigu\u00eb aurait un moindre impact sur la sant\u00e9 mentale qu&rsquo;une douleur qui durent depuis longtemps et les traitements et les pronostics seront \u00e9videmment diff\u00e9rents en fonction des sympt\u00f4mes. Par ailleurs, il existe une difficult\u00e9 dans le rep\u00e9rage du d\u00e9s\u00e9quilibre mental des individus. La diff\u00e9renciation des diff\u00e9rents tableaux cliniques psychologiques (d\u00e9tresse, anxi\u00e9t\u00e9, d\u00e9pression, etc.) n&rsquo;\u00e9tant pas \u00e0 la port\u00e9e de tous, elle doit \u00eatre effectu\u00e9e par <strong>un professionnel pour ensuite proposer une prise en charge transdisciplinaire, compl\u00e8te et efficace<\/strong>.<\/p>\n\n\n<div class=\"wp-block-image\">\n<figure class=\"aligncenter size-large is-resized\"><a href=\"https:\/\/predictanalyse.com\/produit\/analyse-des-risques\" target=\"_blank\" rel=\"noreferrer noopener\"><img loading=\"lazy\" decoding=\"async\" src=\"https:\/\/blog.predictanalyse.com\/wp-content\/uploads\/2022\/10\/PREDICTA-2-1170x581.png\" alt=\"\" class=\"wp-image-1074\" width=\"624\" height=\"309\" srcset=\"https:\/\/blog.predictanalyse.com\/wp-content\/uploads\/2022\/10\/PREDICTA-2-1170x581.png 1170w, https:\/\/blog.predictanalyse.com\/wp-content\/uploads\/2022\/10\/PREDICTA-2-768x381.png 768w, https:\/\/blog.predictanalyse.com\/wp-content\/uploads\/2022\/10\/PREDICTA-2-1536x762.png 1536w, https:\/\/blog.predictanalyse.com\/wp-content\/uploads\/2022\/10\/PREDICTA-2-845x419.png 845w, https:\/\/blog.predictanalyse.com\/wp-content\/uploads\/2022\/10\/PREDICTA-2-585x290.png 585w, https:\/\/blog.predictanalyse.com\/wp-content\/uploads\/2022\/10\/PREDICTA-2-520x258.png 520w, https:\/\/blog.predictanalyse.com\/wp-content\/uploads\/2022\/10\/PREDICTA-2-1310x650.png 1310w, https:\/\/blog.predictanalyse.com\/wp-content\/uploads\/2022\/10\/PREDICTA-2.png 1620w\" sizes=\"(max-width: 624px) 100vw, 624px\" \/><\/a><\/figure><\/div>\n\n\n<h4 class=\"wp-block-heading\">Le risque d&rsquo;isolement<\/h4>\n\n\n\n<p>En plus de la totalit\u00e9 des sympt\u00f4mes \u00e0 endurer, la multimorbidit\u00e9 physique\/psychologique pr\u00e9sente<strong> un risque d&rsquo;isolement important<\/strong>. La finalit\u00e9 est que l&rsquo;individu s&rsquo;isole progressivement \u00e0 mesure que la (les ?) maladie envahit son quotidien. <\/p>\n\n\n\n<ul class=\"wp-block-list\">\n<li>Premi\u00e8rement, la douleur induit une situation d&rsquo;isolement par \u00e9vitement. Tout le monde tente d&rsquo;\u00e9viter les situations qui ont \u00e9t\u00e9 ant\u00e9rieurement douloureuses. Lorsqu&rsquo;une douleur consciente apparait bel et bien, la r\u00e9action comportementale est de s&rsquo;\u00e9loigner de la situation d&rsquo;apparence dangereuse ou de se retirer de l&rsquo;environnement hostile pour favoriser la r\u00e9cup\u00e9ration. Mais cette \u00e9loignement provoque<strong> l&rsquo;arr\u00eat de certaines activit\u00e9s ou habitudes<\/strong>. Par exemple, si j&rsquo;ai eu <a href=\"https:\/\/blog.predictanalyse.com\/index.php\/2021\/08\/01\/mal-de-dos-les-anciens-mythes\/\">mal au dos<\/a> en soulevant une charge, je vais \u00e9viter de reproduire cet acte en arr\u00eatant tout effort physique. Or, la scission avec des valeurs ant\u00e9rieures est <strong>une perte en \u00e9change de laquelle nous ne r\u00e9cup\u00e9rons rien<\/strong>. C&rsquo;est comme perdre une fonction de notre corps. De plus, une douleur peut provoquer une inqui\u00e9tude\/angoisse sur le pronostic et sur la gu\u00e9rison.<\/li>\n<\/ul>\n\n\n\n<ul class=\"wp-block-list\">\n<li>Deuxi\u00e8mement, un \u00e9tat d\u00e9pressif induit un isolement comportemental en g\u00e9n\u00e9ralisant, pour un individu et pour toutes les situations, le concept d&rsquo;environnement d\u00e9favorable. La perception ou l&rsquo;anticipation d&rsquo;un danger cognitif ext\u00e9rieur contraint la personne \u00e0 r\u00e9duire <strong>son espace personnel, ses interactions sociales, son influence intellectuelle et sa motivation<\/strong>. La d\u00e9pression a cet effet terrible de nous isoler par rapport \u00e0 notre propre plaisir.<\/li>\n<\/ul>\n\n\n\n<h4 class=\"wp-block-heading\">Quels traitements ? Quels possibilit\u00e9s ?<\/h4>\n\n\n\n<p>La base d&rsquo;un bon traitement n\u00e9cessite d&rsquo;identifier correctement et en premier lieu les sympt\u00f4mes et leur influence dans la vie d&rsquo;un patient. Une personne avec un mal de dos qui dure depuis des ann\u00e9es ne devra pas \u00eatre trait\u00e9e de la m\u00eame fa\u00e7on si elle pr\u00e9sente en plus soit un \u00e9tat d\u00e9pressif s\u00e9v\u00e8re, soit une d\u00e9tresse psychologique mod\u00e9r\u00e9e. Il convient donc de comprendre la personne dans sa globalit\u00e9 avant de proposer une solution. Le cas n&rsquo;est pas simple mais une certitude : <strong>il faut traiter de fa\u00e7on concomitante tous ces troubles car ils agissent ensemble et contribuent au handicap d&rsquo;une personne<\/strong>.<\/p>\n\n\n\n<p>En ce qui concerne l&rsquo;aspect purement m\u00e9dical, pr\u00e9cisons que les recommandations du National Institute for Health and Care Excellence (NICE) inclut la possibilit\u00e9 d&rsquo;une prise m\u00e9dicamenteuse. En effet, dans certains cas, des <strong>antid\u00e9presseurs <\/strong>ont leur place dans le traitement car ils am\u00e9liorent la qualit\u00e9 de vie, le sommeil ou la d\u00e9tresse psychologique, ce qui peut avoir un effet sur les douleurs par la suite. En revanche, avoir recours \u00e0 des traitements anti-douloureux en soi comme le parac\u00e9tamol, les opio\u00efdes et les anti-inflammatoires (AINS) ne pr\u00e9sente aucune efficacit\u00e9 et peut m\u00eame avoir certains effets secondaires.<\/p>\n\n\n\n<p>Pour ce qui est des traitements non-m\u00e9dicamenteux, des r\u00e9sultats d&rsquo;\u00e9tude soutiennent<strong> certaines psychoth\u00e9rapies<\/strong> (th\u00e9rapies cognitivo-comportementales et th\u00e9rapies d&rsquo;acceptation et d&rsquo;engagement) qui peuvent aider \u00e0 g\u00e9rer la douleur chronique, la d\u00e9pression et le handicap. Ces r\u00e9sultats sont valid\u00e9s par le NICE qui confirme leur efficacit\u00e9 dans les cas de douleurs chroniques. Par ailleurs, un autre groupe de recherche montre qu&rsquo;une prise en charge psychologique associ\u00e9e a une prise en charge physique a plusieurs b\u00e9n\u00e9fices : <\/p>\n\n\n\n<ul class=\"wp-block-list\">\n<li>Cela am\u00e8ne de meilleurs r\u00e9sultats qu&rsquo;une prise en charge kin\u00e9sith\u00e9rapique classique.<\/li>\n\n\n\n<li>Les patients sont plus impliqu\u00e9s et suivent mieux les recommandations dans ces prises en charge.<\/li>\n<\/ul>\n\n\n\n<p>Ce qui va une fois de plus dans le sens de la <a href=\"https:\/\/blog.predictanalyse.com\/index.php\/2021\/07\/24\/la-transdisciplinarite-cest-quoi\/\" target=\"_blank\" rel=\"noreferrer noopener\">transdisciplinarit\u00e9<\/a>.<\/p>\n\n\n\n<h4 class=\"wp-block-heading\">Conclusion<\/h4>\n\n\n\n<p>Il faut collaborer !<\/p>\n\n\n\n<figure class=\"wp-block-image\"><img decoding=\"async\" src=\"https:\/\/static.xx.fbcdn.net\/images\/emoji.php\/v9\/t6a\/1.5\/32\/1f609.png\" alt=\"?\"\/><\/figure>\n\n\n<div class=\"wp-block-image\">\n<figure class=\"aligncenter size-large is-resized\"><a href=\"https:\/\/predictanalyse.com\/t%C3%A9l%C3%A9charger-guide\" target=\"_blank\" rel=\"noopener\"><img loading=\"lazy\" decoding=\"async\" src=\"https:\/\/blog.predictanalyse.com\/wp-content\/uploads\/2022\/09\/Guide-2-1-1170x394.png\" alt=\"\" class=\"wp-image-875\" width=\"730\" height=\"245\" srcset=\"https:\/\/blog.predictanalyse.com\/wp-content\/uploads\/2022\/09\/Guide-2-1-1170x394.png 1170w, https:\/\/blog.predictanalyse.com\/wp-content\/uploads\/2022\/09\/Guide-2-1-768x259.png 768w, https:\/\/blog.predictanalyse.com\/wp-content\/uploads\/2022\/09\/Guide-2-1-845x285.png 845w, https:\/\/blog.predictanalyse.com\/wp-content\/uploads\/2022\/09\/Guide-2-1-585x197.png 585w, https:\/\/blog.predictanalyse.com\/wp-content\/uploads\/2022\/09\/Guide-2-1-520x175.png 520w, https:\/\/blog.predictanalyse.com\/wp-content\/uploads\/2022\/09\/Guide-2-1.png 1520w\" sizes=\"(max-width: 730px) 100vw, 730px\" \/><\/a><\/figure><\/div>\n\n\n<p><mark style=\"background-color:rgba(0, 0, 0, 0)\" class=\"has-inline-color has-vivid-cyan-blue-color\">Sources:<\/mark><\/p>\n\n\n\n<p>1. Hauke, Angelika et al. (2011). <a href=\"https:\/\/www.tandfonline.com\/doi\/abs\/10.1080\/02678373.2011.614069\" target=\"_blank\" rel=\"noreferrer noopener\">The impact of work-related psychosocial stressors on the onset of musculoskeletal disorders in specific body regions: A review and meta-analysis of 54 longitudinal studies<\/a>. Work &amp; Stress. 25. 243-256. <br>2. Sheridan, P.E. et al. <a href=\"https:\/\/bmcgeriatr.biomedcentral.com\/articles\/10.1186\/s12877-019-1214-z#:~:text=Overall%2C%20high%20depressive%20symptomatology%20was,of%20poor%20self%2Drated%20health.\" target=\"_blank\" rel=\"noreferrer noopener\">Associations between prevalent multimorbidity combinations and prospective disability and self-rated health among older adults in Europe<\/a>. 2019. Bmc Geriatrics 19(1): 198<br>3. Sundstrup E, Andersen LL. <a href=\"https:\/\/pubmed.ncbi.nlm.nih.gov\/32597327\/\" target=\"_blank\" rel=\"noreferrer noopener\">Joint association of physical and psychosocial working conditions with risk of long-term sickness absence: Prospective cohort study with register follow-up<\/a>. Scand J Public Health. 2021 Mar;49(2):132-140. <br>4. Reis F et al. <a href=\"https:\/\/pubmed.ncbi.nlm.nih.gov\/29659315\/\" target=\"_blank\" rel=\"noreferrer noopener\">Association between pain drawing and psychological factors in musculoskeletal chronic pain: A systematic review<\/a>. Physiother Theory Pract. 2019 Jun;35(6):533-542.<br>Sundstrup E et al. <a href=\"https:\/\/pubmed.ncbi.nlm.nih.gov\/26919829\/\" target=\"_blank\" rel=\"noreferrer noopener\">Associations between biopsychosocial factors and chronic upper limb pain among slaughterhouse workers: cross sectional study<\/a>. BMC Musculoskelet Disord. 2016 Feb 27;17:104. <br>5. Jay K et al. <a href=\"https:\/\/pubmed.ncbi.nlm.nih.gov\/26431123\/\" target=\"_blank\" rel=\"noreferrer noopener\">Effect of Individually Tailored Biopsychosocial Workplace Interventions on Chronic Musculoskeletal Pain and Stress Among Laboratory Technicians: Randomized Controlled Trial<\/a>. Pain Physician. 2015 Sep-Oct;18(5):459-71.<br>6. Baliki MN, Apkarian AV. <a href=\"https:\/\/www.ncbi.nlm.nih.gov\/pmc\/articles\/PMC4529956\/\" target=\"_blank\" rel=\"noreferrer noopener\">Nociception, Pain, Negative Moods, and Behavior Selection<\/a>. Neuron. 2015 Aug 5;87(3):474-91. <br>Petzschner FH et al. <a href=\"https:\/\/pubmed.ncbi.nlm.nih.gov\/28619481\/\" target=\"_blank\" rel=\"noreferrer noopener\">Computational Psychosomatics and Computational Psychiatry: Toward a Joint Framework for Differential Diagnosis<\/a>. Biol Psychiatry. 2017 Sep 15;82(6):421-430. <br>7. McCracken LM, Yu L, Vowles KE.<a href=\"https:\/\/pubmed.ncbi.nlm.nih.gov\/35228207\/\" target=\"_blank\" rel=\"noreferrer noopener\"> New generation psychological treatments in chronic pain<\/a>. BMJ. 2022 Feb 28;376:e057212. <br>8. Ho EK et al. <a href=\"https:\/\/www.ncbi.nlm.nih.gov\/pmc\/articles\/PMC8965745\/\" target=\"_blank\" rel=\"noreferrer noopener\">Psychological interventions for chronic, non-specific low back pain: systematic review with network meta-analysis<\/a>. BMJ. 2022 Mar 30;376:e067718. <br>9. Qui\u00f1ones AR et al. <a href=\"https:\/\/www.ncbi.nlm.nih.gov\/pmc\/articles\/PMC6279134\/\" target=\"_blank\" rel=\"noreferrer noopener\">Prospective Disability in Different Combinations of Somatic and Mental Multimorbidity<\/a>. J Gerontol A Biol Sci Med Sci. 2018 Jan 16;73(2):204-210.<br>10. <a href=\"https:\/\/www.ncbi.nlm.nih.gov\/books\/NBK569960\/\" target=\"_blank\" rel=\"noreferrer noopener\">Chronic pain (primary and secondary) in over 16s: assessment of all chronic pain and management of chronic primary pain<\/a>. London: National Institute for Health and Care Excellence (NICE); 2021 Apr 7.<\/p>\n","protected":false},"excerpt":{"rendered":"<p>La vision compl\u00e8te et transdisciplinaire de l&rsquo;humain nous apprend que la sant\u00e9 mentale et la sant\u00e9 physique vont de pair et sont indissociables.<\/p>\n","protected":false},"author":1,"featured_media":829,"comment_status":"open","ping_status":"open","sticky":false,"template":"","format":"standard","meta":{"inline_featured_image":false,"_monsterinsights_skip_tracking":false,"_monsterinsights_sitenote_active":false,"_monsterinsights_sitenote_note":"","_monsterinsights_sitenote_category":0,"footnotes":""},"categories":[21,11,9],"tags":[],"class_list":["post-789","post","type-post","status-publish","format-standard","has-post-thumbnail","hentry","category-douleur","category-rps","category-sante"],"aioseo_notices":[],"_links":{"self":[{"href":"https:\/\/blog.predictanalyse.com\/index.php\/wp-json\/wp\/v2\/posts\/789"}],"collection":[{"href":"https:\/\/blog.predictanalyse.com\/index.php\/wp-json\/wp\/v2\/posts"}],"about":[{"href":"https:\/\/blog.predictanalyse.com\/index.php\/wp-json\/wp\/v2\/types\/post"}],"author":[{"embeddable":true,"href":"https:\/\/blog.predictanalyse.com\/index.php\/wp-json\/wp\/v2\/users\/1"}],"replies":[{"embeddable":true,"href":"https:\/\/blog.predictanalyse.com\/index.php\/wp-json\/wp\/v2\/comments?post=789"}],"version-history":[{"count":34,"href":"https:\/\/blog.predictanalyse.com\/index.php\/wp-json\/wp\/v2\/posts\/789\/revisions"}],"predecessor-version":[{"id":1087,"href":"https:\/\/blog.predictanalyse.com\/index.php\/wp-json\/wp\/v2\/posts\/789\/revisions\/1087"}],"wp:featuredmedia":[{"embeddable":true,"href":"https:\/\/blog.predictanalyse.com\/index.php\/wp-json\/wp\/v2\/media\/829"}],"wp:attachment":[{"href":"https:\/\/blog.predictanalyse.com\/index.php\/wp-json\/wp\/v2\/media?parent=789"}],"wp:term":[{"taxonomy":"category","embeddable":true,"href":"https:\/\/blog.predictanalyse.com\/index.php\/wp-json\/wp\/v2\/categories?post=789"},{"taxonomy":"post_tag","embeddable":true,"href":"https:\/\/blog.predictanalyse.com\/index.php\/wp-json\/wp\/v2\/tags?post=789"}],"curies":[{"name":"wp","href":"https:\/\/api.w.org\/{rel}","templated":true}]}}